{"id":7896,"date":"2026-08-24T10:36:50","date_gmt":"2026-08-24T08:36:50","guid":{"rendered":"https:\/\/terresfestival.com\/?p=7896"},"modified":"2026-08-24T10:36:50","modified_gmt":"2026-08-24T08:36:50","slug":"el-terres-travel-festival-renova-el-segell-de-festival-sostenible-de-b-greenly","status":"publish","type":"post","link":"https:\/\/terresfestival.com\/es\/el-terres-travel-festival-renova-el-segell-de-festival-sostenible-de-b-greenly\/","title":{"rendered":"Terres Travel Festival renueva el sello de Festival Sostenible de B Greenly"},"content":{"rendered":"<h2>La auditor\u00eda reconoce la integraci\u00f3n territorial, el apoyo a los proveedores locales, el uso eficiente de los espacios, la reutilizaci\u00f3n de recursos y los avances en la gesti\u00f3n sostenible del festival<\/h2>\n<p class=\"isSelectedEnd\">Terres Travel Festival \u2013 Films &amp; Creativity ha renovado para su edici\u00f3n de 2026 el sello de Festival Sostenible otorgado por B Greenly, entidad especializada en la certificaci\u00f3n de sostenibilidad de eventos y recintos.<\/p>\n<p class=\"isSelectedEnd\">Tras analizar la documentaci\u00f3n y las evidencias aportadas durante el proceso de auditor\u00eda, B Greenly ha concedido al festival una puntuaci\u00f3n global del 61%, correspondiente al nivel <strong>BGSS Progress<\/strong>. Este resultado acredita que Terres ha superado la fase de las actuaciones puntuales y dispone de una base real de pr\u00e1cticas sostenibles integradas en su organizaci\u00f3n.<\/p>\n<p class=\"isSelectedEnd\">La evaluaci\u00f3n destaca especialmente el comportamiento equilibrado del festival en los cuatro grandes \u00e1mbitos analizados: Infraestructuras y Operaciones, con un 60%; Gesti\u00f3n y Gobernanza, con un 64%; Medio Ambiente y Sociedad, con un 62%, y Evaluaci\u00f3n y Mejora, con un 55%.<\/p>\n<h3>Un festival estrechamente vinculado al territorio<\/h3>\n<p class=\"isSelectedEnd\"><strong>La integraci\u00f3n con Tortosa y Terres de l\u2019Ebre es una de las principales fortalezas identificadas por el informe. B Greenly pone en valor la contrataci\u00f3n de proveedores de proximidad, la colaboraci\u00f3n con instituciones y entidades del territorio, la participaci\u00f3n de agentes econ\u00f3micos locales y la utilizaci\u00f3n de espacios culturales y patrimoniales de la ciudad.<\/strong><\/p>\n<p class=\"isSelectedEnd\">La auditor\u00eda tambi\u00e9n reconoce la incorporaci\u00f3n de gastronom\u00eda y productos de proximidad en diferentes actividades, as\u00ed como la capacidad del festival para mantener dentro del territorio una parte significativa del valor social y econ\u00f3mico generado.<\/p>\n<p class=\"isSelectedEnd\">En el \u00e1mbito de Personas y Comunidad, Terres obtiene un 70%, una de las puntuaciones m\u00e1s elevadas de toda la evaluaci\u00f3n. <strong>El informe destaca las actividades abiertas a la ciudadan\u00eda, la colaboraci\u00f3n con diferentes agentes locales y la existencia de una programaci\u00f3n con numerosas propuestas de acceso gratuito<\/strong>, lo que contribuye a reducir las barreras econ\u00f3micas y favorecer la participaci\u00f3n.<\/p>\n<h3>Un modelo operativo eficiente y de bajo impacto<\/h3>\n<p class=\"isSelectedEnd\">B Greenly considera positiva la utilizaci\u00f3n prioritaria de infraestructuras culturales, patrimoniales, hoteleras y urbanas ya existentes. Este modelo limita la necesidad de construcciones temporales, grandes montajes y nuevos equipamientos, y reduce el consumo de materiales asociado a la celebraci\u00f3n del evento.<\/p>\n<p class=\"isSelectedEnd\">La concentraci\u00f3n de las sedes en un entorno urbano compacto favorece los desplazamientos a pie. Paralelamente, el festival facilita informaci\u00f3n sobre transporte p\u00fablico, bicicleta y otras alternativas al veh\u00edculo privado, y prev\u00e9 transportes colectivos para determinadas actividades.<\/p>\n<p class=\"isSelectedEnd\">El informe tambi\u00e9n valora la reutilizaci\u00f3n de elementos de producci\u00f3n y comunicaci\u00f3n de ediciones anteriores, el alquiler de recursos t\u00e9cnicos y materiales y la digitalizaci\u00f3n de una parte sustancial de la informaci\u00f3n destinada a los participantes. Precisamente, <strong>la digitalizaci\u00f3n es el \u00e1mbito mejor valorado dentro del bloque de Gesti\u00f3n y Gobernanza, con un 72%<\/strong>.<\/p>\n<h3>Una gesti\u00f3n de la sostenibilidad cada vez m\u00e1s estructurada<\/h3>\n<p class=\"isSelectedEnd\">La principal novedad de la edici\u00f3n de 2026 es la puesta en marcha del <strong>Plan de Sostenibilidad 2026-2028<\/strong>, que permite ordenar las actuaciones del festival y avanzar desde las iniciativas individuales hacia un modelo de gesti\u00f3n m\u00e1s sistem\u00e1tico.<\/p>\n<p class=\"isSelectedEnd\">El Plan establece tres etapas sucesivas: <strong>medir y ordenar durante 2026, reducir durante 2027 y consolidar durante 2028<\/strong>. Esta planificaci\u00f3n, junto con la asignaci\u00f3n de responsabilidades espec\u00edficas dentro de la direcci\u00f3n del festival, explica que Gesti\u00f3n y Gobernanza sea el bloque mejor valorado de la auditor\u00eda, con un 64%.<\/p>\n<p class=\"isSelectedEnd\">B Greenly tambi\u00e9n destaca la capacidad de Terres para introducir mejoras a partir de las experiencias y recomendaciones de ediciones anteriores, especialmente en materia de reutilizaci\u00f3n, movilidad, digitalizaci\u00f3n y planificaci\u00f3n.<\/p>\n<h3>El audiovisual como herramienta de sensibilizaci\u00f3n<\/h3>\n<p class=\"isSelectedEnd\">El informe subraya que la naturaleza audiovisual de Terres Travel Festival lo convierte en una plataforma especialmente adecuada para promover la sensibilizaci\u00f3n sobre el territorio, el medio ambiente, el turismo responsable y la sostenibilidad.<\/p>\n<p class=\"isSelectedEnd\">La presencia de estas cuestiones en las obras seleccionadas, las actividades profesionales y las colaboraciones con entidades refuerza la capacidad del festival para difundir nuevos modelos de relaci\u00f3n con los paisajes, las comunidades y los destinos tur\u00edsticos.<\/p>\n<h3>El reto de medir para continuar mejorando<\/h3>\n<p class=\"isSelectedEnd\">La evaluaci\u00f3n se\u00f1ala que el principal reto del festival no es incorporar m\u00e1s iniciativas, sino medir mejor los resultados de las pr\u00e1cticas que ya desarrolla. Por este motivo, las prioridades de los pr\u00f3ximos a\u00f1os ser\u00e1n consolidar un cuadro de indicadores, calcular la huella de carbono, recoger datos sobre la movilidad de los participantes, realizar un seguimiento de los residuos y cuantificar el impacto social, territorial y econ\u00f3mico del festival.<\/p>\n<p class=\"isSelectedEnd\">Este trabajo permitir\u00e1 comparar los resultados entre ediciones, establecer objetivos concretos de reducci\u00f3n y avanzar progresivamente hacia el nivel superior de la certificaci\u00f3n, <strong>BGSS Performance<\/strong>.<\/p>\n<p>La renovaci\u00f3n del sello BGSS Progress confirma as\u00ed el compromiso de Terres Travel Festival con un modelo cultural arraigado en el territorio y basado en la proximidad, la reutilizaci\u00f3n, la digitalizaci\u00f3n, la colaboraci\u00f3n local y la mejora continua.","protected":false},"excerpt":{"rendered":"<p>La auditor\u00eda reconoce la integraci\u00f3n territorial, el apoyo a los proveedores locales, el uso eficiente de los espacios, la reutilizaci\u00f3n de recursos y los avances en la gesti\u00f3n sostenible del festival Terres Travel Festival \u2013 Films &amp; Creativity ha renovado para su edici\u00f3n de 2026 el sello de Festival Sostenible otorgado por B Greenly, entidad [&#8230;]\n","protected":false},"author":2,"featured_media":7897,"comment_status":"closed","ping_status":"open","sticky":false,"template":"","format":"standard","meta":{"footnotes":""},"categories":[1],"tags":[],"class_list":["post-7896","post","type-post","status-publish","format-standard","has-post-thumbnail","hentry","category-sense-categoria"],"yoast_head":"<!-- This site is optimized with the Yoast SEO plugin v27.0 - https:\/\/yoast.com\/product\/yoast-seo-wordpress\/ -->\n<title>Terres Travel Festival renueva el sello de Festival Sostenible de B Greenly | Terres Festival<\/title>\n<meta name=\"robots\" content=\"index, follow, max-snippet:-1, max-image-preview:large, max-video-preview:-1\" \/>\n<link rel=\"canonical\" href=\"https:\/\/terresfestival.com\/es\/el-terres-travel-festival-renova-el-segell-de-festival-sostenible-de-b-greenly\/\" \/>\n<meta property=\"og:locale\" content=\"es_ES\" \/>\n<meta property=\"og:type\" content=\"article\" \/>\n<meta property=\"og:title\" content=\"Terres Travel Festival renueva el sello de Festival Sostenible de B Greenly | Terres Festival\" \/>\n<meta property=\"og:description\" content=\"La auditor\u00eda reconoce la integraci\u00f3n territorial, el apoyo a los proveedores locales, el uso eficiente de los espacios, la reutilizaci\u00f3n de recursos y los avances en la gesti\u00f3n sostenible del festival Terres Travel Festival \u2013 Films &amp; Creativity ha renovado para su edici\u00f3n de 2026 el sello de Festival Sostenible otorgado por B Greenly, entidad [...]\" \/>\n<meta property=\"og:url\" content=\"https:\/\/terresfestival.com\/es\/el-terres-travel-festival-renova-el-segell-de-festival-sostenible-de-b-greenly\/\" \/>\n<meta property=\"og:site_name\" content=\"Terres Festival\" \/>\n<meta property=\"article:published_time\" content=\"2026-08-24T08:36:50+00:00\" \/>\n<meta property=\"og:image\" content=\"https:\/\/terresfestival.com\/wp-content\/uploads\/sites\/3\/2026\/08\/No-96-Fest.-Terres-Travel-2026.jpg\" \/>\n\t<meta property=\"og:image:width\" content=\"500\" \/>\n\t<meta property=\"og:image:height\" content=\"500\" \/>\n\t<meta property=\"og:image:type\" content=\"image\/jpeg\" \/>\n<meta name=\"author\" content=\"santi\" \/>\n<meta name=\"twitter:card\" content=\"summary_large_image\" \/>\n<meta name=\"twitter:label1\" content=\"Escrito por\" \/>\n\t<meta name=\"twitter:data1\" content=\"santi\" \/>\n\t<meta name=\"twitter:label2\" content=\"Tiempo de lectura\" \/>\n\t<meta name=\"twitter:data2\" content=\"5 minutos\" \/>\n<script type=\"application\/ld+json\" class=\"yoast-schema-graph\">{\"@context\":\"https:\/\/schema.org\",\"@graph\":[{\"@type\":\"Article\",\"@id\":\"https:\/\/terresfestival.com\/el-terres-travel-festival-renova-el-segell-de-festival-sostenible-de-b-greenly\/#article\",\"isPartOf\":{\"@id\":\"https:\/\/terresfestival.com\/el-terres-travel-festival-renova-el-segell-de-festival-sostenible-de-b-greenly\/\"},\"author\":{\"name\":\"santi\",\"@id\":\"https:\/\/terresfestival.com\/#\/schema\/person\/f641dea65203ecfd2d0f96c1f826fea4\"},\"headline\":\"Terres Travel Festival renueva el sello de Festival Sostenible de B Greenly\",\"datePublished\":\"2026-08-24T08:36:50+00:00\",\"mainEntityOfPage\":{\"@id\":\"https:\/\/terresfestival.com\/el-terres-travel-festival-renova-el-segell-de-festival-sostenible-de-b-greenly\/\"},\"wordCount\":2477,\"publisher\":{\"@id\":\"https:\/\/terresfestival.com\/#organization\"},\"image\":{\"@id\":\"https:\/\/terresfestival.com\/el-terres-travel-festival-renova-el-segell-de-festival-sostenible-de-b-greenly\/#primaryimage\"},\"thumbnailUrl\":\"https:\/\/terresfestival.com\/wp-content\/uploads\/sites\/3\/2026\/08\/No-96-Fest.-Terres-Travel-2026.jpg\",\"articleSection\":[\"Sense categoria\"],\"inLanguage\":\"es\"},{\"@type\":\"WebPage\",\"@id\":\"https:\/\/terresfestival.com\/es\/el-terres-travel-festival-renova-el-segell-de-festival-sostenible-de-b-greenly\/\",\"url\":\"https:\/\/terresfestival.com\/es\/el-terres-travel-festival-renova-el-segell-de-festival-sostenible-de-b-greenly\/\",\"name\":\"Terres Travel Festival renueva el sello de Festival Sostenible de B Greenly | Terres Festival\",\"isPartOf\":{\"@id\":\"https:\/\/terresfestival.com\/es\/#website\"},\"primaryImageOfPage\":{\"@id\":\"https:\/\/terresfestival.com\/es\/el-terres-travel-festival-renova-el-segell-de-festival-sostenible-de-b-greenly\/#primaryimage\"},\"image\":{\"@id\":\"https:\/\/terresfestival.com\/el-terres-travel-festival-renova-el-segell-de-festival-sostenible-de-b-greenly\/#primaryimage\"},\"thumbnailUrl\":\"https:\/\/terresfestival.com\/wp-content\/uploads\/sites\/3\/2026\/08\/No-96-Fest.-Terres-Travel-2026.jpg\",\"datePublished\":\"2026-08-24T08:36:50+00:00\",\"breadcrumb\":{\"@id\":\"https:\/\/terresfestival.com\/es\/el-terres-travel-festival-renova-el-segell-de-festival-sostenible-de-b-greenly\/#breadcrumb\"},\"inLanguage\":\"es\",\"potentialAction\":[{\"@type\":\"ReadAction\",\"target\":[[\"https:\/\/terresfestival.com\/es\/el-terres-travel-festival-renova-el-segell-de-festival-sostenible-de-b-greenly\/\"]]}]},{\"@type\":\"ImageObject\",\"inLanguage\":\"es\",\"@id\":\"https:\/\/terresfestival.com\/es\/el-terres-travel-festival-renova-el-segell-de-festival-sostenible-de-b-greenly\/#primaryimage\",\"url\":\"https:\/\/terresfestival.com\/wp-content\/uploads\/sites\/3\/2026\/08\/No-96-Fest.-Terres-Travel-2026.jpg\",\"contentUrl\":\"https:\/\/terresfestival.com\/wp-content\/uploads\/sites\/3\/2026\/08\/No-96-Fest.-Terres-Travel-2026.jpg\",\"width\":500,\"height\":500},{\"@type\":\"BreadcrumbList\",\"@id\":\"https:\/\/terresfestival.com\/es\/el-terres-travel-festival-renova-el-segell-de-festival-sostenible-de-b-greenly\/#breadcrumb\",\"itemListElement\":[{\"@type\":\"ListItem\",\"position\":1,\"name\":\"Portada\",\"item\":\"https:\/\/terresfestival.com\/es\/\"},{\"@type\":\"ListItem\",\"position\":2,\"name\":\"El Terres Travel Festival renova el segell de Festival Sostenible de B Greenly\"}]},{\"@type\":\"WebSite\",\"@id\":\"https:\/\/terresfestival.com\/es\/#website\",\"url\":\"https:\/\/terresfestival.com\/es\/\",\"name\":\"Terres Festival\",\"description\":\"TERRES TRAVEL FESTIVAL - FILMS &amp; CREATIVITY\",\"publisher\":{\"@id\":\"https:\/\/terresfestival.com\/es\/#organization\"},\"potentialAction\":[{\"@type\":\"SearchAction\",\"target\":{\"@type\":\"EntryPoint\",\"urlTemplate\":\"https:\/\/terresfestival.com\/es\/?s={search_term_string}\"},\"query-input\":{\"@type\":\"PropertyValueSpecification\",\"valueRequired\":true,\"valueName\":\"search_term_string\"}}],\"inLanguage\":\"es\"},{\"@type\":\"Organization\",\"@id\":\"https:\/\/terresfestival.com\/es\/#organization\",\"name\":\"Terres Festival\",\"url\":\"https:\/\/terresfestival.com\/es\/\",\"logo\":{\"@type\":\"ImageObject\",\"inLanguage\":\"es\",\"@id\":\"https:\/\/terresfestival.com\/es\/#\/schema\/logo\/image\/\",\"url\":\"https:\/\/terresfestival.com\/wp-content\/uploads\/sites\/3\/2019\/04\/Logo_Terres.png\",\"contentUrl\":\"https:\/\/terresfestival.com\/wp-content\/uploads\/sites\/3\/2019\/04\/Logo_Terres.png\",\"width\":1157,\"height\":542,\"caption\":\"Terres Festival\"},\"image\":{\"@id\":\"https:\/\/terresfestival.com\/es\/#\/schema\/logo\/image\/\"}},{\"@type\":\"Person\",\"@id\":\"https:\/\/terresfestival.com\/#\/schema\/person\/f641dea65203ecfd2d0f96c1f826fea4\",\"name\":\"santi\",\"image\":{\"@type\":\"ImageObject\",\"inLanguage\":\"es\",\"@id\":\"https:\/\/terresfestival.com\/es\/#\/schema\/person\/image\/\",\"url\":\"https:\/\/secure.gravatar.com\/avatar\/27b45b764d852878fc85c5546f963a4479bb6d71e3a002ae2818d0f940ea3ab4?s=96&d=mm&r=g\",\"contentUrl\":\"https:\/\/secure.gravatar.com\/avatar\/27b45b764d852878fc85c5546f963a4479bb6d71e3a002ae2818d0f940ea3ab4?s=96&d=mm&r=g\",\"caption\":\"santi\"},\"url\":\"https:\/\/terresfestival.com\/es\/author\/santi\/\"}]}<\/script>\n<!-- \/ Yoast SEO plugin. -->","yoast_head_json":{"title":"Terres Travel Festival renueva el sello de Festival Sostenible de B Greenly | Terres Festival","robots":{"index":"index","follow":"follow","max-snippet":"max-snippet:-1","max-image-preview":"max-image-preview:large","max-video-preview":"max-video-preview:-1"},"canonical":"https:\/\/terresfestival.com\/es\/el-terres-travel-festival-renova-el-segell-de-festival-sostenible-de-b-greenly\/","og_locale":"es_ES","og_type":"article","og_title":"Terres Travel Festival renueva el sello de Festival Sostenible de B Greenly | Terres Festival","og_description":"La auditor\u00eda reconoce la integraci\u00f3n territorial, el apoyo a los proveedores locales, el uso eficiente de los espacios, la reutilizaci\u00f3n de recursos y los avances en la gesti\u00f3n sostenible del festival Terres Travel Festival \u2013 Films &amp; Creativity ha renovado para su edici\u00f3n de 2026 el sello de Festival Sostenible otorgado por B Greenly, entidad [...]","og_url":"https:\/\/terresfestival.com\/es\/el-terres-travel-festival-renova-el-segell-de-festival-sostenible-de-b-greenly\/","og_site_name":"Terres Festival","article_published_time":"2026-08-24T08:36:50+00:00","og_image":[{"width":500,"height":500,"url":"https:\/\/terresfestival.com\/wp-content\/uploads\/sites\/3\/2026\/08\/No-96-Fest.-Terres-Travel-2026.jpg","type":"image\/jpeg"}],"author":"santi","twitter_card":"summary_large_image","twitter_misc":{"Escrito por":"santi","Tiempo de lectura":"5 minutos"},"schema":{"@context":"https:\/\/schema.org","@graph":[{"@type":"Article","@id":"https:\/\/terresfestival.com\/el-terres-travel-festival-renova-el-segell-de-festival-sostenible-de-b-greenly\/#article","isPartOf":{"@id":"https:\/\/terresfestival.com\/el-terres-travel-festival-renova-el-segell-de-festival-sostenible-de-b-greenly\/"},"author":{"name":"santi","@id":"https:\/\/terresfestival.com\/#\/schema\/person\/f641dea65203ecfd2d0f96c1f826fea4"},"headline":"Terres Travel Festival renueva el sello de Festival Sostenible de B Greenly","datePublished":"2026-08-24T08:36:50+00:00","mainEntityOfPage":{"@id":"https:\/\/terresfestival.com\/el-terres-travel-festival-renova-el-segell-de-festival-sostenible-de-b-greenly\/"},"wordCount":2477,"publisher":{"@id":"https:\/\/terresfestival.com\/#organization"},"image":{"@id":"https:\/\/terresfestival.com\/el-terres-travel-festival-renova-el-segell-de-festival-sostenible-de-b-greenly\/#primaryimage"},"thumbnailUrl":"https:\/\/terresfestival.com\/wp-content\/uploads\/sites\/3\/2026\/08\/No-96-Fest.-Terres-Travel-2026.jpg","articleSection":["Sense categoria"],"inLanguage":"es"},{"@type":"WebPage","@id":"https:\/\/terresfestival.com\/es\/el-terres-travel-festival-renova-el-segell-de-festival-sostenible-de-b-greenly\/","url":"https:\/\/terresfestival.com\/es\/el-terres-travel-festival-renova-el-segell-de-festival-sostenible-de-b-greenly\/","name":"Terres Travel Festival renueva el sello de Festival Sostenible de B Greenly | Terres Festival","isPartOf":{"@id":"https:\/\/terresfestival.com\/es\/#website"},"primaryImageOfPage":{"@id":"https:\/\/terresfestival.com\/es\/el-terres-travel-festival-renova-el-segell-de-festival-sostenible-de-b-greenly\/#primaryimage"},"image":{"@id":"https:\/\/terresfestival.com\/el-terres-travel-festival-renova-el-segell-de-festival-sostenible-de-b-greenly\/#primaryimage"},"thumbnailUrl":"https:\/\/terresfestival.com\/wp-content\/uploads\/sites\/3\/2026\/08\/No-96-Fest.-Terres-Travel-2026.jpg","datePublished":"2026-08-24T08:36:50+00:00","breadcrumb":{"@id":"https:\/\/terresfestival.com\/es\/el-terres-travel-festival-renova-el-segell-de-festival-sostenible-de-b-greenly\/#breadcrumb"},"inLanguage":"es","potentialAction":[{"@type":"ReadAction","target":[["https:\/\/terresfestival.com\/es\/el-terres-travel-festival-renova-el-segell-de-festival-sostenible-de-b-greenly\/"]]}]},{"@type":"ImageObject","inLanguage":"es","@id":"https:\/\/terresfestival.com\/es\/el-terres-travel-festival-renova-el-segell-de-festival-sostenible-de-b-greenly\/#primaryimage","url":"https:\/\/terresfestival.com\/wp-content\/uploads\/sites\/3\/2026\/08\/No-96-Fest.-Terres-Travel-2026.jpg","contentUrl":"https:\/\/terresfestival.com\/wp-content\/uploads\/sites\/3\/2026\/08\/No-96-Fest.-Terres-Travel-2026.jpg","width":500,"height":500},{"@type":"BreadcrumbList","@id":"https:\/\/terresfestival.com\/es\/el-terres-travel-festival-renova-el-segell-de-festival-sostenible-de-b-greenly\/#breadcrumb","itemListElement":[{"@type":"ListItem","position":1,"name":"Portada","item":"https:\/\/terresfestival.com\/es\/"},{"@type":"ListItem","position":2,"name":"El Terres Travel Festival renova el segell de Festival Sostenible de B Greenly"}]},{"@type":"WebSite","@id":"https:\/\/terresfestival.com\/es\/#website","url":"https:\/\/terresfestival.com\/es\/","name":"Terres Festival","description":"TERRES TRAVEL FESTIVAL - FILMS &amp; CREATIVITY","publisher":{"@id":"https:\/\/terresfestival.com\/es\/#organization"},"potentialAction":[{"@type":"SearchAction","target":{"@type":"EntryPoint","urlTemplate":"https:\/\/terresfestival.com\/es\/?s={search_term_string}"},"query-input":{"@type":"PropertyValueSpecification","valueRequired":true,"valueName":"search_term_string"}}],"inLanguage":"es"},{"@type":"Organization","@id":"https:\/\/terresfestival.com\/es\/#organization","name":"Terres Festival","url":"https:\/\/terresfestival.com\/es\/","logo":{"@type":"ImageObject","inLanguage":"es","@id":"https:\/\/terresfestival.com\/es\/#\/schema\/logo\/image\/","url":"https:\/\/terresfestival.com\/wp-content\/uploads\/sites\/3\/2019\/04\/Logo_Terres.png","contentUrl":"https:\/\/terresfestival.com\/wp-content\/uploads\/sites\/3\/2019\/04\/Logo_Terres.png","width":1157,"height":542,"caption":"Terres Festival"},"image":{"@id":"https:\/\/terresfestival.com\/es\/#\/schema\/logo\/image\/"}},{"@type":"Person","@id":"https:\/\/terresfestival.com\/#\/schema\/person\/f641dea65203ecfd2d0f96c1f826fea4","name":"santi","image":{"@type":"ImageObject","inLanguage":"es","@id":"https:\/\/terresfestival.com\/es\/#\/schema\/person\/image\/","url":"https:\/\/secure.gravatar.com\/avatar\/27b45b764d852878fc85c5546f963a4479bb6d71e3a002ae2818d0f940ea3ab4?s=96&d=mm&r=g","contentUrl":"https:\/\/secure.gravatar.com\/avatar\/27b45b764d852878fc85c5546f963a4479bb6d71e3a002ae2818d0f940ea3ab4?s=96&d=mm&r=g","caption":"santi"},"url":"https:\/\/terresfestival.com\/es\/author\/santi\/"}]}},"_links":{"self":[{"href":"https:\/\/terresfestival.com\/es\/wp-json\/wp\/v2\/posts\/7896","targetHints":{"allow":["GET"]}}],"collection":[{"href":"https:\/\/terresfestival.com\/es\/wp-json\/wp\/v2\/posts"}],"about":[{"href":"https:\/\/terresfestival.com\/es\/wp-json\/wp\/v2\/types\/post"}],"author":[{"embeddable":true,"href":"https:\/\/terresfestival.com\/es\/wp-json\/wp\/v2\/users\/2"}],"replies":[{"embeddable":true,"href":"https:\/\/terresfestival.com\/es\/wp-json\/wp\/v2\/comments?post=7896"}],"version-history":[{"count":1,"href":"https:\/\/terresfestival.com\/es\/wp-json\/wp\/v2\/posts\/7896\/revisions"}],"predecessor-version":[{"id":7898,"href":"https:\/\/terresfestival.com\/es\/wp-json\/wp\/v2\/posts\/7896\/revisions\/7898"}],"wp:featuredmedia":[{"embeddable":true,"href":"https:\/\/terresfestival.com\/es\/wp-json\/wp\/v2\/media\/7897"}],"wp:attachment":[{"href":"https:\/\/terresfestival.com\/es\/wp-json\/wp\/v2\/media?parent=7896"}],"wp:term":[{"taxonomy":"category","embeddable":true,"href":"https:\/\/terresfestival.com\/es\/wp-json\/wp\/v2\/categories?post=7896"},{"taxonomy":"post_tag","embeddable":true,"href":"https:\/\/terresfestival.com\/es\/wp-json\/wp\/v2\/tags?post=7896"}],"curies":[{"name":"wp","href":"https:\/\/api.w.org\/{rel}","templated":true}]}}